{"id":114,"date":"2021-06-15T15:32:59","date_gmt":"2021-06-15T13:32:59","guid":{"rendered":"https:\/\/www.portaibiza.de\/blog\/?p=114"},"modified":"2021-06-20T15:54:34","modified_gmt":"2021-06-20T13:54:34","slug":"ibiza-ist-weiterhin-teuer-fuer-auslaendische-investoren","status":"publish","type":"post","link":"https:\/\/www.portaibiza.de\/blog\/ibiza-ist-weiterhin-teuer-fuer-auslaendische-investoren\/","title":{"rendered":"Ibiza ist weiterhin teuer f\u00fcr ausl\u00e4ndische Investoren"},"content":{"rendered":"<p>Nach einem Jahr der Agonie kommt auch die Jetset-Insel wieder zur\u00fcck. Die Preise f\u00fcr Ibiza Immobilien in guten Lagen bleiben hoch.<\/p>\n<p><em>Stefanie Claudia M\u00fcller<\/em><\/p>\n<p><strong>Porta Ibiza Immobilienmakler Gustavo Stainnekker<\/strong> kann es nicht erwarten, dass die Touristen wieder kommen auf seine Insel. Im Mai begann die Saison langsam. Der wirtschaftliche Fall f\u00fcr Ibiza in der Pandemie war jedoch noch tiefer als auf Mallorca, auch wenn die Insel mehr Medienaufmerksamkeit bekam. W\u00e4hrend die gr\u00f6\u03b2ere Schwester noch einigen Firmen, Call-Centern, Fabriken und der Landwirtschaft zehren konnte, war es auf Ibiza sehr leise in diesem Winter. Ohne Caritas und die staatlichen Essensausgaben, w\u00e4ren die vergangenen Monate noch d\u00fcsterer gewesen. \u00a0Dennoch: Es gibt weiterhin weniger <a href=\"https:\/\/www.portaibiza.de\">Immobilien auf Ibiza<\/a> als nachgefragt werden, was auch jetzt die Preise stabil h\u00e4lt, zumindest im Luxus-Segment.<\/p>\n<blockquote><p>\u201eDie Leute haben enorme Lust, zu kommen. Das touristische Leben der Insel nimmt allm\u00e4hlich wieder Farbe an\u201c,<\/p><\/blockquote>\n<p>sagt Stainekker voller Hoffnung.<\/p>\n<figure id=\"attachment_119\" aria-describedby=\"caption-attachment-119\" style=\"width: 600px\" class=\"wp-caption aligncenter\"><img loading=\"lazy\" class=\"wp-image-119\" title=\"Porta Mallorquina-Makler Gustavo Stainnekker\" src=\"https:\/\/www.portaibiza.de\/blog\/wp-content\/uploads\/Gustavo_DSC1802-P-CROPPED-FullSize-scaled.jpg\" alt=\"Porta Mallorquina-Makler Gustavo Stainnekker\" width=\"600\" height=\"400\" srcset=\"https:\/\/www.portaibiza.de\/blog\/wp-content\/uploads\/Gustavo_DSC1802-P-CROPPED-FullSize-scaled.jpg 2560w, https:\/\/www.portaibiza.de\/blog\/wp-content\/uploads\/Gustavo_DSC1802-P-CROPPED-FullSize-768x512.jpg 768w, https:\/\/www.portaibiza.de\/blog\/wp-content\/uploads\/Gustavo_DSC1802-P-CROPPED-FullSize-1536x1024.jpg 1536w, https:\/\/www.portaibiza.de\/blog\/wp-content\/uploads\/Gustavo_DSC1802-P-CROPPED-FullSize-2048x1365.jpg 2048w, https:\/\/www.portaibiza.de\/blog\/wp-content\/uploads\/Gustavo_DSC1802-P-CROPPED-FullSize-730x487.jpg 730w, https:\/\/www.portaibiza.de\/blog\/wp-content\/uploads\/Gustavo_DSC1802-P-CROPPED-FullSize-435x290.jpg 435w\" sizes=\"(max-width: 600px) 100vw, 600px\" \/><figcaption id=\"caption-attachment-119\" class=\"wp-caption-text\">Porta Ibiza Immobilienmakler Gustavo Stainnekker<\/figcaption><\/figure>\n<p>Bei den normalen Wohnimmobilien hingegen ist es wie auf Mallorca: Viele Ladenbesitzer und Gastronomen sind hoch verschuldet. Sie k\u00f6nnen nicht nur die gewerbliche Miete nicht mehr zahlen, sondern langsam auch nicht mehr die eigene Wohnung. Einige Besitzer von Restaurants und Gesch\u00e4ften brauchen dringend Liquidit\u00e4t, k\u00f6nnen den Sommer nicht mehr abwarten und verkaufen jetzt. Aber das sind normalerweise nicht die Standorte und Immobilien, die reiche Touristen oder Familien normalweise suchen f\u00fcr einen <strong>Zweitwohnsitz<\/strong>, aber Auswanderer k\u00f6nnten jetzt <strong>interessante Schn\u00e4ppchen<\/strong> finden. Allerdings sollten sich Interessierte beeilen, denn nicht nur in der sehr nachgefragten Inselhauptstadt stiegen die Preise in diesem Jahr bereits um rund vier Prozent an gem\u00e4\u03b2 der Angaben des spanischen Branchenportals idealista.<\/p>\n<h2>Ibiza-Stadt bleibt gesucht<\/h2>\n<p>Mit dem zur\u00fcckkommenden Tourismus klettern auch die Ferienmieten wieder nach oben. Die <strong>teuersten<\/strong> und gesuchtesten Lagen finden sich rund um <strong>Ibiza-Stadt<\/strong> und im<strong> S\u00fcdwesten<\/strong>. Der Quadratmeterpreis liegt im Zentrum bei mehr als 4000 Euro. Auch wenn die Balearen in 2020 mit 87,5% weniger Touristen auskommen mussten als im Vorjahr:<\/p>\n<blockquote><p>\u201eIbiza und Mallorca bleiben Goldst\u00fccke f\u00fcr den Immobilienmarkt und die Sehnsucht der Ferienheim-Besitzer zur\u00fcckzukommen, schl\u00e4gt weiterhin alle Vernunft. Es k\u00f6nnte sogar sein, dass die Preise in einigen Lagen noch weiter steigen, weil diese Art der Standorte am Meer von der Pandemie gesundheitlich kaum betroffen waren und deswegen gesucht sind\u201c,<\/p><\/blockquote>\n<p>sagt der spanische \u00d6konom Tomeu Pons, der selbst auf den Balearen zuhause ist. Die wirtschaftlichen Folgen der Pandemie sind am meisten bei den Mieten zu sp\u00fcren. Diese sind gem\u00e4\u03b2 idealista im Vergleich zum Vorjahr in der Hauptstadt um mehr als 21 Prozent auf 13,9 \u20ac\/m2 gesunken, aber damit noch immer auf hohem Niveau und tendenziell steigen sie weiter.<\/p>\n<blockquote><p>\u201eEs ist klar, dass hier kurzfristig weniger verlangt werden kann, wenn die Nachfrage nicht komplett zur\u00fcckkommt und wer jetzt verkaufen will, der wird Discounts anbieten m\u00fcssen\u201c,<\/p><\/blockquote>\n<p>sagt der an der EAE Business School in Madrid unterrichtende Pons.<\/p>\n<h2>Auf hohem Niveau stabil<\/h2>\n<p>Trotz allem Enthusiasmus \u00fcber die Sommar-Saison, sind die Erwartungen einzelner Hotels und Eventagenturen vielleicht etwas zu hochgeschraubt. Die Inselregierung zum Beispiel hofft die Rekordzahlen von 2019 noch zu verbessern. Mit diesen Perspektiven wurden auch Bau- und Tourismus Investoren ermutigt, neue Projekte auf Ibiza zu entwickeln. Das Interesse von Hotelketten ist auch nach der Pandemie ungebremst, allerdings sind die Umweltauflagen hier nach wie vor hoch und bebaubares Land ist rar ges\u00e4t.<\/p>\n<p>Porta Mallorquina-Makler Stainekker wartet jetzt darauf, dass alle Reise-Restriktionen fallen und endlich die Kaufgespr\u00e4che mit seinen Kunden abgeschlossenwerden k\u00f6nnen, die Anfang des Jahres begonnen haben:<\/p>\n<blockquote><p>\u201eIbiza bleibt als erster Wohnstandort oder Zweitwohnsitz sehr attraktiv\u201c,<\/p><\/blockquote>\n<p>da ist er sich sicher. Aber auch der Branchenverband AVAT, der allein 20.000 touristische <a href=\"https:\/\/www.portaibiza.de\/immobilien\/wohnungen\/\">Wohnungen auf Ibiza<\/a> und der kleinen naturbelassenen Schwester Formentera betreut, fordert die Politik auf, mehr Bauland anzubieten, damit die Preise vor allem f\u00fcr die Einwohner herunter gehen. Auch Bauunternehmer Luis Mart\u00edn, Chef der Asociaci\u00f3n de Promotores Inmobiliarios de Balears (<a href=\"https:\/\/www.periodicodeibiza.es\/etiqueta\/Proinba.html\">Proinba<\/a>) kritisiert die geringe erschlossene Fl\u00e4che und die zunehmenden Hindernisse f\u00fcr Wohnungsbau-Projekte: \u201e<\/p>\n<blockquote><p>W\u00e4re das nicht so, dann w\u00fcrden hier auch die Preise und Mieten f\u00fcr die Einwohner, die sich gerade nach dieser Krise viele Wohnungen nicht mehr leisten k\u00f6nnen, langfristig normalisieren\u201c.<\/p><\/blockquote>\n<figure id=\"attachment_122\" aria-describedby=\"caption-attachment-122\" style=\"width: 600px\" class=\"wp-caption aligncenter\"><img loading=\"lazy\" class=\"wp-image-122\" src=\"https:\/\/www.portaibiza.de\/blog\/wp-content\/uploads\/101907-sonniges-apartment-kaufen-eivissa-ibiza.jpg\" alt=\"Fabelhaftes Penthouse in einem Werbegeb\u00e4ude in Talamanca\" width=\"600\" height=\"400\" srcset=\"https:\/\/www.portaibiza.de\/blog\/wp-content\/uploads\/101907-sonniges-apartment-kaufen-eivissa-ibiza.jpg 510w, https:\/\/www.portaibiza.de\/blog\/wp-content\/uploads\/101907-sonniges-apartment-kaufen-eivissa-ibiza-435x290.jpg 435w\" sizes=\"(max-width: 600px) 100vw, 600px\" \/><figcaption id=\"caption-attachment-122\" class=\"wp-caption-text\">Fabelhaftes Penthouse in einem Werbegeb\u00e4ude in Talamanca<\/figcaption><\/figure>\n<p>Im vergangenen Jahr lag der <strong>Durchschnitts-Quadratmeter-Preis<\/strong> f\u00fcr Neubauwohnungen nach offiziellen Angaben bei<strong> 2527 Euro<\/strong>. In Top-Lagen wurden 2020 Preise ab vier Millionen Euro abgerufen. Selbst f\u00fcr Reihenh\u00e4user in guter Lage muss fast eine Millionen Euro auf den Tisch gelegt werden. Derzeit kommen die K\u00e4ufer vor allem aus Deutschland, der Schweiz und \u00d6sterreich, aber noch mehr aus Spanien.<\/p>\n<blockquote><p>\u201eDiese investieren dort auch als Anlage mit dem Hinblick auf die normalweise sehr hohen Mieten in den Sommermonaten\u201c,<\/p><\/blockquote>\n<p>erkl\u00e4rt Pons. Aber das Problem auf dem spanischen Immobilienmarkt, der weiterhin attraktiv f\u00fcr Investoren bleibt, aber angesichts der stagnierenden und teilweise fallenden Geh\u00e4lter unerschwinglich wird f\u00fcr seine Einwohner, besorgt auch den IWF. Er r\u00e4t dem Land deswegen, noch st\u00e4rker den \u00f6ffentlichen Wohnungsbau zu f\u00f6rdern und die Gesetzgebung hinsichtlich der Rechte der Besitzer zu verbessern. Spanien hat im Vergleich zu Deutschland und Holland wenige Sozialwohnungen.<\/p>\n<blockquote><p>\u201eVor allem in den kommenden Monaten, wenn die staatlichen Hilfen komplett auslaufen, sind K\u00fcndigungswellen im station\u00e4ren Einzelhandel, in der Reisebranche und auch in der Gastronomie zu erwarten, was auch den Wohnungsmarkt beeinflussen wird\u201c,<\/p><\/blockquote>\n<p>ist sich Pons sicher.<\/p>\n","protected":false},"excerpt":{"rendered":"<p>Nach einem Jahr der Agonie kommt auch die Jetset-Insel wieder zur\u00fcck. Die Immobilien-Preise in guten Lagen bleiben hoch.<\/p>\n","protected":false},"author":3,"featured_media":119,"comment_status":"open","ping_status":"open","sticky":false,"template":"","format":"standard","meta":[],"categories":[3,5,2],"tags":[],"yoast_head":"<!-- This site is optimized with the Yoast SEO plugin v16.5 - https:\/\/yoast.com\/wordpress\/plugins\/seo\/ -->\n<title>Ibiza ist weiterhin teuer f\u00fcr ausl\u00e4ndische Investoren - Porta Ibiza<\/title>\n<meta name=\"robots\" content=\"index, follow, max-snippet:-1, max-image-preview:large, max-video-preview:-1\" \/>\n<link rel=\"canonical\" href=\"https:\/\/www.portaibiza.de\/blog\/ibiza-ist-weiterhin-teuer-fuer-auslaendische-investoren\/\" \/>\n<meta property=\"og:locale\" content=\"de_DE\" \/>\n<meta property=\"og:type\" content=\"article\" \/>\n<meta property=\"og:title\" content=\"Ibiza ist weiterhin teuer f\u00fcr ausl\u00e4ndische Investoren - Porta Ibiza\" \/>\n<meta property=\"og:description\" content=\"Nach einem Jahr der Agonie kommt auch die Jetset-Insel wieder zur\u00fcck. Die Immobilien-Preise in guten Lagen bleiben hoch.\" \/>\n<meta property=\"og:url\" content=\"https:\/\/www.portaibiza.de\/blog\/ibiza-ist-weiterhin-teuer-fuer-auslaendische-investoren\/\" \/>\n<meta property=\"og:site_name\" content=\"Porta Ibiza\" \/>\n<meta property=\"article:published_time\" content=\"2021-06-15T13:32:59+00:00\" \/>\n<meta property=\"article:modified_time\" content=\"2021-06-20T13:54:34+00:00\" \/>\n<meta property=\"og:image\" content=\"https:\/\/www.portaibiza.de\/blog\/wp-content\/uploads\/Gustavo_DSC1802-P-CROPPED-FullSize-scaled.jpg\" \/>\n\t<meta property=\"og:image:width\" content=\"2560\" \/>\n\t<meta property=\"og:image:height\" content=\"1707\" \/>\n<meta name=\"twitter:card\" content=\"summary\" \/>\n<meta name=\"twitter:label1\" content=\"Gesch\u00e4tzte Lesezeit\" \/>\n\t<meta name=\"twitter:data1\" content=\"5\u00a0Minuten\" \/>\n<script type=\"application\/ld+json\" class=\"yoast-schema-graph\">{\"@context\":\"https:\/\/schema.org\",\"@graph\":[{\"@type\":\"WebSite\",\"@id\":\"https:\/\/www.portaibiza.de\/blog\/#website\",\"url\":\"https:\/\/www.portaibiza.de\/blog\/\",\"name\":\"Porta Ibiza\",\"description\":\"Mehr als Immobilien auf Ibiza\",\"potentialAction\":[{\"@type\":\"SearchAction\",\"target\":\"https:\/\/www.portaibiza.de\/blog\/?s={search_term_string}\",\"query-input\":\"required name=search_term_string\"}],\"inLanguage\":\"de\"},{\"@type\":\"ImageObject\",\"@id\":\"https:\/\/www.portaibiza.de\/blog\/ibiza-ist-weiterhin-teuer-fuer-auslaendische-investoren\/#primaryimage\",\"inLanguage\":\"de\",\"url\":\"https:\/\/www.portaibiza.de\/blog\/wp-content\/uploads\/Gustavo_DSC1802-P-CROPPED-FullSize-scaled.jpg\",\"contentUrl\":\"https:\/\/www.portaibiza.de\/blog\/wp-content\/uploads\/Gustavo_DSC1802-P-CROPPED-FullSize-scaled.jpg\",\"width\":2560,\"height\":1707},{\"@type\":\"WebPage\",\"@id\":\"https:\/\/www.portaibiza.de\/blog\/ibiza-ist-weiterhin-teuer-fuer-auslaendische-investoren\/#webpage\",\"url\":\"https:\/\/www.portaibiza.de\/blog\/ibiza-ist-weiterhin-teuer-fuer-auslaendische-investoren\/\",\"name\":\"Ibiza ist weiterhin teuer f\\u00fcr ausl\\u00e4ndische Investoren - Porta Ibiza\",\"isPartOf\":{\"@id\":\"https:\/\/www.portaibiza.de\/blog\/#website\"},\"primaryImageOfPage\":{\"@id\":\"https:\/\/www.portaibiza.de\/blog\/ibiza-ist-weiterhin-teuer-fuer-auslaendische-investoren\/#primaryimage\"},\"datePublished\":\"2021-06-15T13:32:59+00:00\",\"dateModified\":\"2021-06-20T13:54:34+00:00\",\"author\":{\"@id\":\"https:\/\/www.portaibiza.de\/blog\/#\/schema\/person\/84187ea812a9f9a531cfee2e55f5d2e8\"},\"breadcrumb\":{\"@id\":\"https:\/\/www.portaibiza.de\/blog\/ibiza-ist-weiterhin-teuer-fuer-auslaendische-investoren\/#breadcrumb\"},\"inLanguage\":\"de\",\"potentialAction\":[{\"@type\":\"ReadAction\",\"target\":[\"https:\/\/www.portaibiza.de\/blog\/ibiza-ist-weiterhin-teuer-fuer-auslaendische-investoren\/\"]}]},{\"@type\":\"BreadcrumbList\",\"@id\":\"https:\/\/www.portaibiza.de\/blog\/ibiza-ist-weiterhin-teuer-fuer-auslaendische-investoren\/#breadcrumb\",\"itemListElement\":[{\"@type\":\"ListItem\",\"position\":1,\"name\":\"Home\",\"item\":\"https:\/\/www.portaibiza.de\/blog\/\"},{\"@type\":\"ListItem\",\"position\":2,\"name\":\"Ibiza ist weiterhin teuer f\\u00fcr ausl\\u00e4ndische Investoren\"}]},{\"@type\":\"Person\",\"@id\":\"https:\/\/www.portaibiza.de\/blog\/#\/schema\/person\/84187ea812a9f9a531cfee2e55f5d2e8\",\"name\":\"Porta Ibiza Real Estate\",\"url\":\"https:\/\/www.portaibiza.de\/blog\/author\/porta-ibiza\/\"}]}<\/script>\n<!-- \/ Yoast SEO plugin. -->","_links":{"self":[{"href":"https:\/\/www.portaibiza.de\/blog\/wp-json\/wp\/v2\/posts\/114"}],"collection":[{"href":"https:\/\/www.portaibiza.de\/blog\/wp-json\/wp\/v2\/posts"}],"about":[{"href":"https:\/\/www.portaibiza.de\/blog\/wp-json\/wp\/v2\/types\/post"}],"author":[{"embeddable":true,"href":"https:\/\/www.portaibiza.de\/blog\/wp-json\/wp\/v2\/users\/3"}],"replies":[{"embeddable":true,"href":"https:\/\/www.portaibiza.de\/blog\/wp-json\/wp\/v2\/comments?post=114"}],"version-history":[{"count":10,"href":"https:\/\/www.portaibiza.de\/blog\/wp-json\/wp\/v2\/posts\/114\/revisions"}],"predecessor-version":[{"id":127,"href":"https:\/\/www.portaibiza.de\/blog\/wp-json\/wp\/v2\/posts\/114\/revisions\/127"}],"wp:featuredmedia":[{"embeddable":true,"href":"https:\/\/www.portaibiza.de\/blog\/wp-json\/wp\/v2\/media\/119"}],"wp:attachment":[{"href":"https:\/\/www.portaibiza.de\/blog\/wp-json\/wp\/v2\/media?parent=114"}],"wp:term":[{"taxonomy":"category","embeddable":true,"href":"https:\/\/www.portaibiza.de\/blog\/wp-json\/wp\/v2\/categories?post=114"},{"taxonomy":"post_tag","embeddable":true,"href":"https:\/\/www.portaibiza.de\/blog\/wp-json\/wp\/v2\/tags?post=114"}],"curies":[{"name":"wp","href":"https:\/\/api.w.org\/{rel}","templated":true}]}}